{"id":1077,"date":"2024-01-12T11:38:56","date_gmt":"2024-01-12T10:38:56","guid":{"rendered":"https:\/\/www.aram-clinic.com\/blog\/?p=1077"},"modified":"2024-01-12T11:45:14","modified_gmt":"2024-01-12T10:45:14","slug":"nikola-lozina-fier-de-sa-greffe-de-cheveux-en-turquie","status":"publish","type":"post","link":"https:\/\/www.aram-clinic.com\/blog\/nikola-lozina-fier-de-sa-greffe-de-cheveux-en-turquie\/","title":{"rendered":"Nikola Lozina, fier de sa greffe de cheveux en Turquie"},"content":{"rendered":"<p><strong>Nikola Lozina<\/strong>, personnalit\u00e9 embl\u00e9matique de la t\u00e9l\u00e9-r\u00e9alit\u00e9 r\u00e9sidant \u00e0 Duba\u00ef, a r\u00e9cemment choisi de franchir une \u00e9tape significative dans sa qu\u00eate de bien-\u00eatre en optant pour une <strong>greffe de cheveux en Turquie<\/strong>. Confront\u00e9 \u00e0 la r\u00e9alit\u00e9 d&rsquo;une calvitie pr\u00e9coce, l&rsquo;id\u00e9e de perdre sa chevelure \u00e9tait tout simplement inacceptable pour lui. Anim\u00e9 par le d\u00e9sir de conserver son image et de surmonter ce complexe, il a pris la d\u00e9cision de recourir \u00e0 la chirurgie esth\u00e9tique.<\/p>\n<p>Cette d\u00e9marche r\u00e9v\u00e9latrice de Nikola Lozina refl\u00e8te non seulement sa pr\u00e9occupation personnelle pour son apparence physique, mais aussi sa volont\u00e9 de prendre le contr\u00f4le de sa confiance en soi. La calvitie, souvent associ\u00e9e \u00e0 des questions d&rsquo;estime de soi, peut avoir des r\u00e9percussions profondes sur la vie quotidienne de ceux qui en souffrent. Dans un monde o\u00f9 l&rsquo;apparence rev\u00eat une importance particuli\u00e8re, le choix de Nikola de s&rsquo;engager dans une greffe capillaire t\u00e9moigne de son engagement envers son bien-\u00eatre \u00e9motionnel et psychologique.<\/p>\n<p>La d\u00e9cision de subir une <strong>greffe capillaire \u00e0 Istanbul<\/strong> n&rsquo;est pas simplement une transformation physique, mais plut\u00f4t une d\u00e9marche introspective visant \u00e0 restaurer non seulement des cheveux, mais \u00e9galement une partie essentielle de l&rsquo;estime de soi. Cela souligne l&rsquo;importance de l&rsquo;autonomie personnelle dans la recherche du bonheur et de la confiance en soi.<\/p>\n<p>Nikola Lozina, en partageant ouvertement son exp\u00e9rience, contribue \u00e0 briser les stigmates entourant la chirurgie esth\u00e9tique, encourageant ainsi d&rsquo;autres personnes \u00e0 envisager des solutions similaires pour renforcer leur confiance en elles et embrasser leur authenticit\u00e9.<\/p>\n<p><img loading=\"lazy\" decoding=\"async\" class=\"size-full wp-image-1079 aligncenter\" src=\"https:\/\/www.aram-clinic.com\/blog\/wp-content\/uploads\/2024\/01\/nikola-lozina-greffe-cheveux-turquie.jpg\" alt=\"nikola-lozina-greffe-cheveux-turquie\" width=\"506\" height=\"878\" srcset=\"https:\/\/www.aram-clinic.com\/blog\/wp-content\/uploads\/2024\/01\/nikola-lozina-greffe-cheveux-turquie.jpg 506w, https:\/\/www.aram-clinic.com\/blog\/wp-content\/uploads\/2024\/01\/nikola-lozina-greffe-cheveux-turquie-173x300.jpg 173w\" sizes=\"auto, (max-width: 506px) 100vw, 506px\" \/><\/p>\n<h2>Une Ann\u00e9e Difficile pour Nikola Lozina<\/h2>\n<p>L&rsquo;ann\u00e9e \u00e9coul\u00e9e a \u00e9t\u00e9 indubitablement une p\u00e9riode tumultueuse pour Nikola Lozina, marqu\u00e9e par une s\u00e9rie de d\u00e9fis personnels et professionnels qui ont profond\u00e9ment influenc\u00e9 sa vie. L&rsquo;annonce de son divorce avec Laura a constitu\u00e9 un tournant majeur, jetant une ombre sur sa vie personnelle et d\u00e9clenchant une cascade d&rsquo;\u00e9preuves.<\/p>\n<p>La s\u00e9paration avec Laura n&rsquo;a pas seulement repr\u00e9sent\u00e9 la fin d&rsquo;une relation conjugale, mais \u00e9galement la reconfiguration de sa vie familiale. La distance physique qui s\u00e9pare Nikola de son fils Zlatan, r\u00e9sidant avec sa m\u00e8re \u00e0 Duba\u00ef, a amplifi\u00e9 les tourments \u00e9motionnels du c\u00e9l\u00e8bre participant de la t\u00e9l\u00e9-r\u00e9alit\u00e9. L&rsquo;\u00e9loignement g\u00e9ographique a cr\u00e9\u00e9 un d\u00e9fi suppl\u00e9mentaire dans sa qu\u00eate de maintenir une connexion significative avec son fils, g\u00e9n\u00e9rant une d\u00e9tresse \u00e9motionnelle palpable.<\/p>\n<p>Les moments difficiles sur le plan personnel ont \u00e9t\u00e9 exacerb\u00e9s par les exigences de la notori\u00e9t\u00e9 publique et des engagements professionnels. En tant que personnalit\u00e9 m\u00e9diatique, Nikola Lozina a d\u00fb faire face \u00e0 un scrutateur public et aux retomb\u00e9es m\u00e9diatiques de sa vie priv\u00e9e. Cette exposition constante a ajout\u00e9 une pression suppl\u00e9mentaire sur sa vie personnelle d\u00e9j\u00e0 complexe, soulignant les \u00e9preuves auxquelles il a d\u00fb faire face sous les feux des projecteurs.<\/p>\n<p>N\u00e9anmoins, face \u00e0 ces obstacles, Nikola Lozina a d\u00e9montr\u00e9 une r\u00e9silience remarquable. Sa d\u00e9cision de faire face \u00e0 ses d\u00e9fis personnels de front, y compris en optant pour une greffe capillaire pour surmonter sa calvitie pr\u00e9coce, t\u00e9moigne de sa volont\u00e9 de se r\u00e9inventer et de reprendre le contr\u00f4le de sa vie. Cette ann\u00e9e difficile a peut-\u00eatre \u00e9t\u00e9 le catalyseur qui l&rsquo;a pouss\u00e9 \u00e0 entreprendre des d\u00e9marches significatives pour renouer avec son bien-\u00eatre personnel et professionnel, marquant ainsi le d\u00e9but d&rsquo;un nouveau chapitre dans la vie de Nikola Lozina.<\/p>\n<h2>La Transformation de Nikola Lozina<\/h2>\n<p>La m\u00e9tamorphose de Nikola Lozina, apr\u00e8s une p\u00e9riode de retrait des r\u00e9seaux sociaux, a captiv\u00e9 l&rsquo;attention de ses fans et du public. Revenant avec fiert\u00e9, il a d\u00e9voil\u00e9 une nouvelle silhouette, marqu\u00e9e par une perte de poids notable de 4 kilos. Cependant, ce n&rsquo;\u00e9tait que le pr\u00e9lude d&rsquo;une s\u00e9rie de changements radicaux pour cette personnalit\u00e9 embl\u00e9matique de la t\u00e9l\u00e9-r\u00e9alit\u00e9.<\/p>\n<p>Le 28 d\u00e9cembre, surprenant ses followers, Nikola a partag\u00e9 sur Instagram une annonce qui a suscit\u00e9 beaucoup d&rsquo;anticipation et d&rsquo;enthousiasme. Il a r\u00e9v\u00e9l\u00e9 son intention de subir une greffe capillaire, une d\u00e9cision qui a \u00e9t\u00e9 accueillie avec un m\u00e9lange de curiosit\u00e9 et de soutien de la part de sa communaut\u00e9 virtuelle. Cette \u00e9tape audacieuse t\u00e9moigne de sa volont\u00e9 de prendre en main son image et de traiter avec d\u00e9termination le complexe de la calvitie pr\u00e9coce qu&rsquo;il a affront\u00e9.<\/p>\n<p>La d\u00e9cision de Nikola Lozina d&rsquo;opter pour une greffe capillaire transcende le simple aspect physique. Elle repr\u00e9sente un acte de r\u00e9affirmation personnelle et un engagement envers son bien-\u00eatre \u00e9motionnel. La visibilit\u00e9 publique de cette d\u00e9marche d\u00e9licate contribue \u00e0 d\u00e9mystifier les stigmates li\u00e9s \u00e0 la perte de cheveux, encourageant ainsi une conversation ouverte sur l&rsquo;estime de soi et la beaut\u00e9 au-del\u00e0 des normes conventionnelles.<\/p>\n<p>La transformation de Nikola Lozina va au-del\u00e0 des apparences physiques, symbolisant \u00e9galement une \u00e9volution interne. Son retour sur les r\u00e9seaux sociaux, sa perte de poids et sa d\u00e9cision de subir une greffe capillaire peuvent \u00eatre per\u00e7us comme des chapitres successifs d&rsquo;une renaissance personnelle. \u00c0 travers ces choix, il se positionne comme un exemple de r\u00e9silience et d&rsquo;autod\u00e9termination, inspirant potentiellement d&rsquo;autres personnes \u00e0 surmonter leurs propres obstacles et \u00e0 embrasser les changements qui contribuent \u00e0 leur \u00e9panouissement personnel.<\/p>\n<p>&nbsp;<\/p>\n<h2>La D\u00e9cision de la Greffe de cheveux en Turquie<\/h2>\n<p>Le choix de Nikola Lozina d&rsquo;opter pour une <a href=\"https:\/\/www.aram-clinic.com\/greffe-cheveux-turquie\">greffe de cheveux en Turquie<\/a> a \u00e9t\u00e9 le fruit d&rsquo;une r\u00e9flexion approfondie et d&rsquo;une d\u00e9marche consciencieuse. Longtemps confront\u00e9 \u00e0 la pr\u00e9occupation grandissante de la perte de ses cheveux, il a pris la d\u00e9cision d\u00e9cisive de s&rsquo;attaquer \u00e0 ce complexe persistant qui avait sans doute affect\u00e9 son estime de soi. La Turquie, reconnue comme une destination de premier plan pour la chirurgie esth\u00e9tique, a \u00e9t\u00e9 le lieu choisi pour cette transformation capillaire.<\/p>\n<p>La d\u00e9marche de Nikola Lozina va au-del\u00e0 de l&rsquo;aspect purement esth\u00e9tique. Son choix de partager ouvertement son exp\u00e9rience sur Instagram d\u00e9montre son d\u00e9sir d&rsquo;\u00eatre transparent et de briser les tabous entourant les proc\u00e9dures de greffe capillaire. En partageant des images de son cr\u00e2ne ras\u00e9 et pr\u00eat pour l&rsquo;intervention, il offre \u00e0 ses followers un aper\u00e7u authentique du processus, contribuant ainsi \u00e0 d\u00e9mystifier la chirurgie esth\u00e9tique et \u00e0 normaliser les d\u00e9marches visant \u00e0 am\u00e9liorer l&rsquo;apparence physique.<\/p>\n<p>La Turquie est devenue une destination pris\u00e9e pour les greffes de cheveux en raison de ses cliniques sp\u00e9cialis\u00e9es renomm\u00e9es et de ses chirurgiens experts dans le domaine. Pour Nikola Lozina, choisir ce pays pour sa greffe de cheveux a probablement \u00e9t\u00e9 influenc\u00e9 par la r\u00e9putation de qualit\u00e9 des services m\u00e9dicaux offerts. Cette d\u00e9cision r\u00e9fl\u00e9chie souligne son engagement envers un r\u00e9sultat exceptionnel et son souhait de recourir aux meilleures pratiques disponibles.<\/p>\n<p>En partageant son parcours sur les r\u00e9seaux sociaux, Nikola Lozina cr\u00e9e \u00e9galement une connexion personnelle avec ses followers, les invitant \u00e0 \u00eatre t\u00e9moins de sa transformation. Cette ouverture contribue non seulement \u00e0 \u00e9duquer sur les options disponibles en mati\u00e8re de soins capillaires, mais aussi \u00e0 encourager une culture de l&rsquo;acceptation de soi et de la recherche du bien-\u00eatre personnel. Ainsi, la d\u00e9cision de Nikola Lozina de se tourner vers la Turquie pour une greffe de cheveux devient un t\u00e9moignage de courage et de r\u00e9solution face \u00e0 ses propres complexes.<\/p>\n<h2>La Clinique Turque Choisie par Nikola Lozina<\/h2>\n<p>Le choix de la clinique turque par Nikola Lozina pour sa greffe de cheveux s&rsquo;est av\u00e9r\u00e9 \u00eatre une \u00e9tape cruciale dans son parcours de transformation. En partageant son exp\u00e9rience, il a tenu \u00e0 mettre en avant les qualit\u00e9s remarquables de l&rsquo;\u00e9tablissement, mettant en lumi\u00e8re le professionnalisme exceptionnel du personnel m\u00e9dical ainsi que leur expertise incontestable dans le domaine de la greffe capillaire. Pour Nikola, il \u00e9tait primordial que la clinique choisi soit non seulement comp\u00e9tente, mais \u00e9galement francophone, ce qui a consid\u00e9rablement renforc\u00e9 son niveau de confort et de compr\u00e9hension tout au long de la proc\u00e9dure.<\/p>\n<p>La d\u00e9cision de Nikola Lozina de faire l&rsquo;\u00e9loge de la clinique ne se limite pas \u00e0 une simple recommandation. Son enthousiasme t\u00e9moigne de la confiance qu&rsquo;il a plac\u00e9e dans l&rsquo;\u00e9tablissement pour une proc\u00e9dure aussi personnelle et d\u00e9licate. En soulignant le professionnalisme du personnel m\u00e9dical, il offre non seulement une reconnaissance m\u00e9rit\u00e9e \u00e0 ceux qui ont contribu\u00e9 \u00e0 sa transformation, mais il contribue \u00e9galement \u00e0 orienter positivement l&rsquo;attention du public vers les normes \u00e9lev\u00e9es de la chirurgie esth\u00e9tique en Turquie.<\/p>\n<p>Le fait que la clinique soit francophone a indubitablement jou\u00e9 un r\u00f4le significatif dans la prise de d\u00e9cision de Nikola. Cette caract\u00e9ristique a non seulement facilit\u00e9 la communication pendant toute la dur\u00e9e de son s\u00e9jour, mais elle a \u00e9galement \u00e9limin\u00e9 les barri\u00e8res linguistiques potentielles, offrant ainsi un environnement plus confortable et compr\u00e9hensible pour le patient. La comp\u00e9tence linguistique de l&rsquo;\u00e9quipe m\u00e9dicale a, sans aucun doute, contribu\u00e9 \u00e0 cr\u00e9er une atmosph\u00e8re rassurante et personnalis\u00e9e, renfor\u00e7ant le lien de confiance entre Nikola Lozina et la clinique.<\/p>\n<p>En partageant ces d\u00e9tails sp\u00e9cifiques, Nikola Lozina offre \u00e0 son public des informations utiles pour ceux qui pourraient envisager une proc\u00e9dure similaire. En plus de promouvoir la clinique turque choisie, il participe \u00e0 l&rsquo;\u00e9ducation du public sur les crit\u00e8res importants \u00e0 prendre en compte lors du choix d&rsquo;une clinique pour des interventions esth\u00e9tiques. Cette d\u00e9marche transparente et informative contribue \u00e0 d\u00e9construire les id\u00e9es pr\u00e9con\u00e7ues sur la chirurgie esth\u00e9tique, soulignant l&rsquo;importance de la recherche et de la prise de d\u00e9cision \u00e9clair\u00e9e dans le domaine.<\/p>\n","protected":false},"excerpt":{"rendered":"<p>Nikola Lozina, personnalit\u00e9 embl\u00e9matique de la t\u00e9l\u00e9-r\u00e9alit\u00e9 r\u00e9sidant \u00e0 Duba\u00ef, a r\u00e9cemment choisi de franchir une \u00e9tape significative dans sa qu\u00eate de bien-\u00eatre en optant pour une greffe de cheveux en Turquie. Confront\u00e9 \u00e0 la r\u00e9alit\u00e9 d&rsquo;une calvitie pr\u00e9coce, l&rsquo;id\u00e9e de perdre sa chevelure \u00e9tait tout simplement inacceptable pour lui. Anim\u00e9 par le d\u00e9sir de [&hellip;]<\/p>\n","protected":false},"author":1,"featured_media":1085,"comment_status":"closed","ping_status":"closed","sticky":false,"template":"","format":"standard","meta":{"footnotes":""},"categories":[1],"tags":[],"class_list":["post-1077","post","type-post","status-publish","format-standard","has-post-thumbnail","hentry","category-non-classifiee"],"yoast_head":"<!-- This site is optimized with the Yoast SEO plugin v27.5 - https:\/\/yoast.com\/product\/yoast-seo-wordpress\/ -->\n<title>Nikola Lozina, fier de sa greffe de cheveux en Turquie - Blog Aram Clinic<\/title>\n<meta name=\"robots\" content=\"index, follow, max-snippet:-1, max-image-preview:large, max-video-preview:-1\" \/>\n<link rel=\"canonical\" href=\"https:\/\/www.aram-clinic.com\/blog\/nikola-lozina-fier-de-sa-greffe-de-cheveux-en-turquie\/\" \/>\n<meta property=\"og:locale\" content=\"fr_FR\" \/>\n<meta property=\"og:type\" content=\"article\" \/>\n<meta property=\"og:title\" content=\"Nikola Lozina, fier de sa greffe de cheveux en Turquie - Blog Aram Clinic\" \/>\n<meta property=\"og:description\" content=\"Nikola Lozina, personnalit\u00e9 embl\u00e9matique de la t\u00e9l\u00e9-r\u00e9alit\u00e9 r\u00e9sidant \u00e0 Duba\u00ef, a r\u00e9cemment choisi de franchir une \u00e9tape significative dans sa qu\u00eate de bien-\u00eatre en optant pour une greffe de cheveux en Turquie. Confront\u00e9 \u00e0 la r\u00e9alit\u00e9 d&rsquo;une calvitie pr\u00e9coce, l&rsquo;id\u00e9e de perdre sa chevelure \u00e9tait tout simplement inacceptable pour lui. Anim\u00e9 par le d\u00e9sir de [&hellip;]\" \/>\n<meta property=\"og:url\" content=\"https:\/\/www.aram-clinic.com\/blog\/nikola-lozina-fier-de-sa-greffe-de-cheveux-en-turquie\/\" \/>\n<meta property=\"og:site_name\" content=\"Blog Aram Clinic\" \/>\n<meta property=\"article:published_time\" content=\"2024-01-12T10:38:56+00:00\" \/>\n<meta property=\"article:modified_time\" content=\"2024-01-12T10:45:14+00:00\" \/>\n<meta property=\"og:image\" content=\"https:\/\/www.aram-clinic.com\/blog\/wp-content\/uploads\/2024\/01\/nikola-lozina-apres-greffe-capillaire.jpg\" \/>\n\t<meta property=\"og:image:width\" content=\"1068\" \/>\n\t<meta property=\"og:image:height\" content=\"801\" \/>\n\t<meta property=\"og:image:type\" content=\"image\/jpeg\" \/>\n<meta name=\"author\" content=\"R\u00e9daction Aram Clinic\" \/>\n<meta name=\"twitter:card\" content=\"summary_large_image\" \/>\n<meta name=\"twitter:label1\" content=\"\u00c9crit par\" \/>\n\t<meta name=\"twitter:data1\" content=\"R\u00e9daction Aram Clinic\" \/>\n\t<meta name=\"twitter:label2\" content=\"Dur\u00e9e de lecture estim\u00e9e\" \/>\n\t<meta name=\"twitter:data2\" content=\"8 minutes\" \/>\n<script type=\"application\/ld+json\" class=\"yoast-schema-graph\">{\"@context\":\"https:\\\/\\\/schema.org\",\"@graph\":[{\"@type\":\"Article\",\"@id\":\"https:\\\/\\\/www.aram-clinic.com\\\/blog\\\/nikola-lozina-fier-de-sa-greffe-de-cheveux-en-turquie\\\/#article\",\"isPartOf\":{\"@id\":\"https:\\\/\\\/www.aram-clinic.com\\\/blog\\\/nikola-lozina-fier-de-sa-greffe-de-cheveux-en-turquie\\\/\"},\"author\":{\"name\":\"R\u00e9daction Aram Clinic\",\"@id\":\"https:\\\/\\\/www.aram-clinic.com\\\/blog\\\/#\\\/schema\\\/person\\\/93a3e83d941659f1e4a73144a75af378\"},\"headline\":\"Nikola Lozina, fier de sa greffe de cheveux en Turquie\",\"datePublished\":\"2024-01-12T10:38:56+00:00\",\"dateModified\":\"2024-01-12T10:45:14+00:00\",\"mainEntityOfPage\":{\"@id\":\"https:\\\/\\\/www.aram-clinic.com\\\/blog\\\/nikola-lozina-fier-de-sa-greffe-de-cheveux-en-turquie\\\/\"},\"wordCount\":1657,\"publisher\":{\"@id\":\"https:\\\/\\\/www.aram-clinic.com\\\/blog\\\/#organization\"},\"image\":{\"@id\":\"https:\\\/\\\/www.aram-clinic.com\\\/blog\\\/nikola-lozina-fier-de-sa-greffe-de-cheveux-en-turquie\\\/#primaryimage\"},\"thumbnailUrl\":\"https:\\\/\\\/www.aram-clinic.com\\\/blog\\\/wp-content\\\/uploads\\\/2024\\\/01\\\/nikola-lozina-apres-greffe-capillaire.jpg\",\"articleSection\":[\"Non classifi\u00e9(e)\"],\"inLanguage\":\"fr-FR\"},{\"@type\":\"WebPage\",\"@id\":\"https:\\\/\\\/www.aram-clinic.com\\\/blog\\\/nikola-lozina-fier-de-sa-greffe-de-cheveux-en-turquie\\\/\",\"url\":\"https:\\\/\\\/www.aram-clinic.com\\\/blog\\\/nikola-lozina-fier-de-sa-greffe-de-cheveux-en-turquie\\\/\",\"name\":\"Nikola Lozina, fier de sa greffe de cheveux en Turquie - Blog Aram Clinic\",\"isPartOf\":{\"@id\":\"https:\\\/\\\/www.aram-clinic.com\\\/blog\\\/#website\"},\"primaryImageOfPage\":{\"@id\":\"https:\\\/\\\/www.aram-clinic.com\\\/blog\\\/nikola-lozina-fier-de-sa-greffe-de-cheveux-en-turquie\\\/#primaryimage\"},\"image\":{\"@id\":\"https:\\\/\\\/www.aram-clinic.com\\\/blog\\\/nikola-lozina-fier-de-sa-greffe-de-cheveux-en-turquie\\\/#primaryimage\"},\"thumbnailUrl\":\"https:\\\/\\\/www.aram-clinic.com\\\/blog\\\/wp-content\\\/uploads\\\/2024\\\/01\\\/nikola-lozina-apres-greffe-capillaire.jpg\",\"datePublished\":\"2024-01-12T10:38:56+00:00\",\"dateModified\":\"2024-01-12T10:45:14+00:00\",\"breadcrumb\":{\"@id\":\"https:\\\/\\\/www.aram-clinic.com\\\/blog\\\/nikola-lozina-fier-de-sa-greffe-de-cheveux-en-turquie\\\/#breadcrumb\"},\"inLanguage\":\"fr-FR\",\"potentialAction\":[{\"@type\":\"ReadAction\",\"target\":[\"https:\\\/\\\/www.aram-clinic.com\\\/blog\\\/nikola-lozina-fier-de-sa-greffe-de-cheveux-en-turquie\\\/\"]}]},{\"@type\":\"ImageObject\",\"inLanguage\":\"fr-FR\",\"@id\":\"https:\\\/\\\/www.aram-clinic.com\\\/blog\\\/nikola-lozina-fier-de-sa-greffe-de-cheveux-en-turquie\\\/#primaryimage\",\"url\":\"https:\\\/\\\/www.aram-clinic.com\\\/blog\\\/wp-content\\\/uploads\\\/2024\\\/01\\\/nikola-lozina-apres-greffe-capillaire.jpg\",\"contentUrl\":\"https:\\\/\\\/www.aram-clinic.com\\\/blog\\\/wp-content\\\/uploads\\\/2024\\\/01\\\/nikola-lozina-apres-greffe-capillaire.jpg\",\"width\":1068,\"height\":801},{\"@type\":\"BreadcrumbList\",\"@id\":\"https:\\\/\\\/www.aram-clinic.com\\\/blog\\\/nikola-lozina-fier-de-sa-greffe-de-cheveux-en-turquie\\\/#breadcrumb\",\"itemListElement\":[{\"@type\":\"ListItem\",\"position\":1,\"name\":\"Accueil\",\"item\":\"https:\\\/\\\/www.aram-clinic.com\\\/blog\\\/\"},{\"@type\":\"ListItem\",\"position\":2,\"name\":\"Nikola Lozina, fier de sa greffe de cheveux en Turquie\"}]},{\"@type\":\"WebSite\",\"@id\":\"https:\\\/\\\/www.aram-clinic.com\\\/blog\\\/#website\",\"url\":\"https:\\\/\\\/www.aram-clinic.com\\\/blog\\\/\",\"name\":\"Blog Aram Clinic\",\"description\":\"Tout sur la chirurgie et le s\u00e9jour m\u00e9dical en Turquie\",\"publisher\":{\"@id\":\"https:\\\/\\\/www.aram-clinic.com\\\/blog\\\/#organization\"},\"potentialAction\":[{\"@type\":\"SearchAction\",\"target\":{\"@type\":\"EntryPoint\",\"urlTemplate\":\"https:\\\/\\\/www.aram-clinic.com\\\/blog\\\/?s={search_term_string}\"},\"query-input\":{\"@type\":\"PropertyValueSpecification\",\"valueRequired\":true,\"valueName\":\"search_term_string\"}}],\"inLanguage\":\"fr-FR\"},{\"@type\":\"Organization\",\"@id\":\"https:\\\/\\\/www.aram-clinic.com\\\/blog\\\/#organization\",\"name\":\"Blog Aram Clinic\",\"url\":\"https:\\\/\\\/www.aram-clinic.com\\\/blog\\\/\",\"logo\":{\"@type\":\"ImageObject\",\"inLanguage\":\"fr-FR\",\"@id\":\"https:\\\/\\\/www.aram-clinic.com\\\/blog\\\/#\\\/schema\\\/logo\\\/image\\\/\",\"url\":\"https:\\\/\\\/www.aram-clinic.com\\\/blog\\\/wp-content\\\/uploads\\\/2021\\\/05\\\/cropped-logo.png\",\"contentUrl\":\"https:\\\/\\\/www.aram-clinic.com\\\/blog\\\/wp-content\\\/uploads\\\/2021\\\/05\\\/cropped-logo.png\",\"width\":153,\"height\":60,\"caption\":\"Blog Aram Clinic\"},\"image\":{\"@id\":\"https:\\\/\\\/www.aram-clinic.com\\\/blog\\\/#\\\/schema\\\/logo\\\/image\\\/\"}},{\"@type\":\"Person\",\"@id\":\"https:\\\/\\\/www.aram-clinic.com\\\/blog\\\/#\\\/schema\\\/person\\\/93a3e83d941659f1e4a73144a75af378\",\"name\":\"R\u00e9daction Aram Clinic\",\"image\":{\"@type\":\"ImageObject\",\"inLanguage\":\"fr-FR\",\"@id\":\"https:\\\/\\\/secure.gravatar.com\\\/avatar\\\/55706f744d32a13e2bbd1849e2c7a768c614a2cec3b203d40d39fb7ffe7c1043?s=96&d=mm&r=g\",\"url\":\"https:\\\/\\\/secure.gravatar.com\\\/avatar\\\/55706f744d32a13e2bbd1849e2c7a768c614a2cec3b203d40d39fb7ffe7c1043?s=96&d=mm&r=g\",\"contentUrl\":\"https:\\\/\\\/secure.gravatar.com\\\/avatar\\\/55706f744d32a13e2bbd1849e2c7a768c614a2cec3b203d40d39fb7ffe7c1043?s=96&d=mm&r=g\",\"caption\":\"R\u00e9daction Aram Clinic\"},\"sameAs\":[\"https:\\\/\\\/aram-clinic.com\\\/blog\"]}]}<\/script>\n<!-- \/ Yoast SEO plugin. -->","yoast_head_json":{"title":"Nikola Lozina, fier de sa greffe de cheveux en Turquie - Blog Aram Clinic","robots":{"index":"index","follow":"follow","max-snippet":"max-snippet:-1","max-image-preview":"max-image-preview:large","max-video-preview":"max-video-preview:-1"},"canonical":"https:\/\/www.aram-clinic.com\/blog\/nikola-lozina-fier-de-sa-greffe-de-cheveux-en-turquie\/","og_locale":"fr_FR","og_type":"article","og_title":"Nikola Lozina, fier de sa greffe de cheveux en Turquie - Blog Aram Clinic","og_description":"Nikola Lozina, personnalit\u00e9 embl\u00e9matique de la t\u00e9l\u00e9-r\u00e9alit\u00e9 r\u00e9sidant \u00e0 Duba\u00ef, a r\u00e9cemment choisi de franchir une \u00e9tape significative dans sa qu\u00eate de bien-\u00eatre en optant pour une greffe de cheveux en Turquie. Confront\u00e9 \u00e0 la r\u00e9alit\u00e9 d&rsquo;une calvitie pr\u00e9coce, l&rsquo;id\u00e9e de perdre sa chevelure \u00e9tait tout simplement inacceptable pour lui. Anim\u00e9 par le d\u00e9sir de [&hellip;]","og_url":"https:\/\/www.aram-clinic.com\/blog\/nikola-lozina-fier-de-sa-greffe-de-cheveux-en-turquie\/","og_site_name":"Blog Aram Clinic","article_published_time":"2024-01-12T10:38:56+00:00","article_modified_time":"2024-01-12T10:45:14+00:00","og_image":[{"width":1068,"height":801,"url":"https:\/\/www.aram-clinic.com\/blog\/wp-content\/uploads\/2024\/01\/nikola-lozina-apres-greffe-capillaire.jpg","type":"image\/jpeg"}],"author":"R\u00e9daction Aram Clinic","twitter_card":"summary_large_image","twitter_misc":{"\u00c9crit par":"R\u00e9daction Aram Clinic","Dur\u00e9e de lecture estim\u00e9e":"8 minutes"},"schema":{"@context":"https:\/\/schema.org","@graph":[{"@type":"Article","@id":"https:\/\/www.aram-clinic.com\/blog\/nikola-lozina-fier-de-sa-greffe-de-cheveux-en-turquie\/#article","isPartOf":{"@id":"https:\/\/www.aram-clinic.com\/blog\/nikola-lozina-fier-de-sa-greffe-de-cheveux-en-turquie\/"},"author":{"name":"R\u00e9daction Aram Clinic","@id":"https:\/\/www.aram-clinic.com\/blog\/#\/schema\/person\/93a3e83d941659f1e4a73144a75af378"},"headline":"Nikola Lozina, fier de sa greffe de cheveux en Turquie","datePublished":"2024-01-12T10:38:56+00:00","dateModified":"2024-01-12T10:45:14+00:00","mainEntityOfPage":{"@id":"https:\/\/www.aram-clinic.com\/blog\/nikola-lozina-fier-de-sa-greffe-de-cheveux-en-turquie\/"},"wordCount":1657,"publisher":{"@id":"https:\/\/www.aram-clinic.com\/blog\/#organization"},"image":{"@id":"https:\/\/www.aram-clinic.com\/blog\/nikola-lozina-fier-de-sa-greffe-de-cheveux-en-turquie\/#primaryimage"},"thumbnailUrl":"https:\/\/www.aram-clinic.com\/blog\/wp-content\/uploads\/2024\/01\/nikola-lozina-apres-greffe-capillaire.jpg","articleSection":["Non classifi\u00e9(e)"],"inLanguage":"fr-FR"},{"@type":"WebPage","@id":"https:\/\/www.aram-clinic.com\/blog\/nikola-lozina-fier-de-sa-greffe-de-cheveux-en-turquie\/","url":"https:\/\/www.aram-clinic.com\/blog\/nikola-lozina-fier-de-sa-greffe-de-cheveux-en-turquie\/","name":"Nikola Lozina, fier de sa greffe de cheveux en Turquie - Blog Aram Clinic","isPartOf":{"@id":"https:\/\/www.aram-clinic.com\/blog\/#website"},"primaryImageOfPage":{"@id":"https:\/\/www.aram-clinic.com\/blog\/nikola-lozina-fier-de-sa-greffe-de-cheveux-en-turquie\/#primaryimage"},"image":{"@id":"https:\/\/www.aram-clinic.com\/blog\/nikola-lozina-fier-de-sa-greffe-de-cheveux-en-turquie\/#primaryimage"},"thumbnailUrl":"https:\/\/www.aram-clinic.com\/blog\/wp-content\/uploads\/2024\/01\/nikola-lozina-apres-greffe-capillaire.jpg","datePublished":"2024-01-12T10:38:56+00:00","dateModified":"2024-01-12T10:45:14+00:00","breadcrumb":{"@id":"https:\/\/www.aram-clinic.com\/blog\/nikola-lozina-fier-de-sa-greffe-de-cheveux-en-turquie\/#breadcrumb"},"inLanguage":"fr-FR","potentialAction":[{"@type":"ReadAction","target":["https:\/\/www.aram-clinic.com\/blog\/nikola-lozina-fier-de-sa-greffe-de-cheveux-en-turquie\/"]}]},{"@type":"ImageObject","inLanguage":"fr-FR","@id":"https:\/\/www.aram-clinic.com\/blog\/nikola-lozina-fier-de-sa-greffe-de-cheveux-en-turquie\/#primaryimage","url":"https:\/\/www.aram-clinic.com\/blog\/wp-content\/uploads\/2024\/01\/nikola-lozina-apres-greffe-capillaire.jpg","contentUrl":"https:\/\/www.aram-clinic.com\/blog\/wp-content\/uploads\/2024\/01\/nikola-lozina-apres-greffe-capillaire.jpg","width":1068,"height":801},{"@type":"BreadcrumbList","@id":"https:\/\/www.aram-clinic.com\/blog\/nikola-lozina-fier-de-sa-greffe-de-cheveux-en-turquie\/#breadcrumb","itemListElement":[{"@type":"ListItem","position":1,"name":"Accueil","item":"https:\/\/www.aram-clinic.com\/blog\/"},{"@type":"ListItem","position":2,"name":"Nikola Lozina, fier de sa greffe de cheveux en Turquie"}]},{"@type":"WebSite","@id":"https:\/\/www.aram-clinic.com\/blog\/#website","url":"https:\/\/www.aram-clinic.com\/blog\/","name":"Blog Aram Clinic","description":"Tout sur la chirurgie et le s\u00e9jour m\u00e9dical en Turquie","publisher":{"@id":"https:\/\/www.aram-clinic.com\/blog\/#organization"},"potentialAction":[{"@type":"SearchAction","target":{"@type":"EntryPoint","urlTemplate":"https:\/\/www.aram-clinic.com\/blog\/?s={search_term_string}"},"query-input":{"@type":"PropertyValueSpecification","valueRequired":true,"valueName":"search_term_string"}}],"inLanguage":"fr-FR"},{"@type":"Organization","@id":"https:\/\/www.aram-clinic.com\/blog\/#organization","name":"Blog Aram Clinic","url":"https:\/\/www.aram-clinic.com\/blog\/","logo":{"@type":"ImageObject","inLanguage":"fr-FR","@id":"https:\/\/www.aram-clinic.com\/blog\/#\/schema\/logo\/image\/","url":"https:\/\/www.aram-clinic.com\/blog\/wp-content\/uploads\/2021\/05\/cropped-logo.png","contentUrl":"https:\/\/www.aram-clinic.com\/blog\/wp-content\/uploads\/2021\/05\/cropped-logo.png","width":153,"height":60,"caption":"Blog Aram Clinic"},"image":{"@id":"https:\/\/www.aram-clinic.com\/blog\/#\/schema\/logo\/image\/"}},{"@type":"Person","@id":"https:\/\/www.aram-clinic.com\/blog\/#\/schema\/person\/93a3e83d941659f1e4a73144a75af378","name":"R\u00e9daction Aram Clinic","image":{"@type":"ImageObject","inLanguage":"fr-FR","@id":"https:\/\/secure.gravatar.com\/avatar\/55706f744d32a13e2bbd1849e2c7a768c614a2cec3b203d40d39fb7ffe7c1043?s=96&d=mm&r=g","url":"https:\/\/secure.gravatar.com\/avatar\/55706f744d32a13e2bbd1849e2c7a768c614a2cec3b203d40d39fb7ffe7c1043?s=96&d=mm&r=g","contentUrl":"https:\/\/secure.gravatar.com\/avatar\/55706f744d32a13e2bbd1849e2c7a768c614a2cec3b203d40d39fb7ffe7c1043?s=96&d=mm&r=g","caption":"R\u00e9daction Aram Clinic"},"sameAs":["https:\/\/aram-clinic.com\/blog"]}]}},"_links":{"self":[{"href":"https:\/\/www.aram-clinic.com\/blog\/wp-json\/wp\/v2\/posts\/1077","targetHints":{"allow":["GET"]}}],"collection":[{"href":"https:\/\/www.aram-clinic.com\/blog\/wp-json\/wp\/v2\/posts"}],"about":[{"href":"https:\/\/www.aram-clinic.com\/blog\/wp-json\/wp\/v2\/types\/post"}],"author":[{"embeddable":true,"href":"https:\/\/www.aram-clinic.com\/blog\/wp-json\/wp\/v2\/users\/1"}],"replies":[{"embeddable":true,"href":"https:\/\/www.aram-clinic.com\/blog\/wp-json\/wp\/v2\/comments?post=1077"}],"version-history":[{"count":3,"href":"https:\/\/www.aram-clinic.com\/blog\/wp-json\/wp\/v2\/posts\/1077\/revisions"}],"predecessor-version":[{"id":1090,"href":"https:\/\/www.aram-clinic.com\/blog\/wp-json\/wp\/v2\/posts\/1077\/revisions\/1090"}],"wp:featuredmedia":[{"embeddable":true,"href":"https:\/\/www.aram-clinic.com\/blog\/wp-json\/wp\/v2\/media\/1085"}],"wp:attachment":[{"href":"https:\/\/www.aram-clinic.com\/blog\/wp-json\/wp\/v2\/media?parent=1077"}],"wp:term":[{"taxonomy":"category","embeddable":true,"href":"https:\/\/www.aram-clinic.com\/blog\/wp-json\/wp\/v2\/categories?post=1077"},{"taxonomy":"post_tag","embeddable":true,"href":"https:\/\/www.aram-clinic.com\/blog\/wp-json\/wp\/v2\/tags?post=1077"}],"curies":[{"name":"wp","href":"https:\/\/api.w.org\/{rel}","templated":true}]}}